{"id":112,"date":"2013-11-04T12:48:38","date_gmt":"2013-11-04T10:48:38","guid":{"rendered":"http:\/\/www.lansirajanrasti.fi\/wordpress\/?p=112"},"modified":"2013-11-04T13:01:59","modified_gmt":"2013-11-04T11:01:59","slug":"ensilumen-rastit-2013","status":"publish","type":"post","link":"http:\/\/www.lansirajanrasti.fi\/wordpress\/ensilumen-rastit-2013\/","title":{"rendered":"Ensilumen Rastit 2013"},"content":{"rendered":"<p style=\"text-align: justify;\">L\u00e4nsi-Rajan Rasti on mukana Ensilumen Rastien ja hiihtosuunnistuksen maailmancupin avauskierroksen 2013 j\u00e4rjestelyiss\u00e4 Yll\u00e4ksell\u00e4.<a href=\"http:\/\/www.lansirajanrasti.fi\/wordpress\/wp-content\/uploads\/2013\/11\/ensilumen_rastit_2013.png\"><img loading=\"lazy\" decoding=\"async\" class=\"alignright size-thumbnail wp-image-113\" alt=\"Ensilumen Rastit\" src=\"http:\/\/www.lansirajanrasti.fi\/wordpress\/wp-content\/uploads\/2013\/11\/ensilumen_rastit_2013-150x150.png\" width=\"150\" height=\"150\" \/><\/a><\/p>\n<p style=\"text-align: justify;\">Lis\u00e4tietoja kisoista saat Ensilumen Rastien kisasivuilta.<\/p>\n<ul>\n<li><a href=\"http:\/\/www.ensilumenrastit.fi\" target=\"_blank\"><span style=\"line-height: 13px;\">Ensilumen Rastit<\/span><\/a><\/li>\n<\/ul>\n<p style=\"text-align: justify;\">\n","protected":false},"excerpt":{"rendered":"<p>L\u00e4nsi-Rajan Rasti on mukana Ensilumen Rastien ja hiihtosuunnistuksen maailmancupin avauskierroksen 2013 j\u00e4rjestelyiss\u00e4 Yll\u00e4ksell\u00e4. Lis\u00e4tietoja kisoista saat Ensilumen Rastien kisasivuilta. Ensilumen Rastit<\/p>\n","protected":false},"author":4,"featured_media":113,"comment_status":"closed","ping_status":"open","sticky":false,"template":"","format":"standard","meta":{"footnotes":""},"categories":[1],"tags":[],"_links":{"self":[{"href":"http:\/\/www.lansirajanrasti.fi\/wordpress\/wp-json\/wp\/v2\/posts\/112"}],"collection":[{"href":"http:\/\/www.lansirajanrasti.fi\/wordpress\/wp-json\/wp\/v2\/posts"}],"about":[{"href":"http:\/\/www.lansirajanrasti.fi\/wordpress\/wp-json\/wp\/v2\/types\/post"}],"author":[{"embeddable":true,"href":"http:\/\/www.lansirajanrasti.fi\/wordpress\/wp-json\/wp\/v2\/users\/4"}],"replies":[{"embeddable":true,"href":"http:\/\/www.lansirajanrasti.fi\/wordpress\/wp-json\/wp\/v2\/comments?post=112"}],"version-history":[{"count":9,"href":"http:\/\/www.lansirajanrasti.fi\/wordpress\/wp-json\/wp\/v2\/posts\/112\/revisions"}],"predecessor-version":[{"id":115,"href":"http:\/\/www.lansirajanrasti.fi\/wordpress\/wp-json\/wp\/v2\/posts\/112\/revisions\/115"}],"wp:featuredmedia":[{"embeddable":true,"href":"http:\/\/www.lansirajanrasti.fi\/wordpress\/wp-json\/wp\/v2\/media\/113"}],"wp:attachment":[{"href":"http:\/\/www.lansirajanrasti.fi\/wordpress\/wp-json\/wp\/v2\/media?parent=112"}],"wp:term":[{"taxonomy":"category","embeddable":true,"href":"http:\/\/www.lansirajanrasti.fi\/wordpress\/wp-json\/wp\/v2\/categories?post=112"},{"taxonomy":"post_tag","embeddable":true,"href":"http:\/\/www.lansirajanrasti.fi\/wordpress\/wp-json\/wp\/v2\/tags?post=112"}],"curies":[{"name":"wp","href":"https:\/\/api.w.org\/{rel}","templated":true}]}}